{"id":231,"date":"2015-09-06T09:41:28","date_gmt":"2015-09-06T09:41:28","guid":{"rendered":"http:\/\/www.evileu.de\/evisfinest\/?p=231"},"modified":"2015-09-06T09:41:28","modified_gmt":"2015-09-06T09:41:28","slug":"rauchquarz-2","status":"publish","type":"post","link":"https:\/\/www.evileu.de\/evisfinest\/?p=231","title":{"rendered":"Rauchquarz"},"content":{"rendered":"<figure id=\"attachment_232\" aria-describedby=\"caption-attachment-232\" style=\"width: 249px\" class=\"wp-caption alignnone\"><a href=\"http:\/\/www.evileu.de\/evisfinest\/wp-content\/uploads\/2015\/09\/rauchquartz.jpg\"><img decoding=\"async\" loading=\"lazy\" class=\"size-medium wp-image-232\" src=\"http:\/\/www.evileu.de\/evisfinest\/wp-content\/uploads\/2015\/09\/rauchquartz-249x300.jpg\" alt=\"rauchquartz\" width=\"249\" height=\"300\" srcset=\"https:\/\/www.evileu.de\/evisfinest\/wp-content\/uploads\/2015\/09\/rauchquartz-249x300.jpg 249w, https:\/\/www.evileu.de\/evisfinest\/wp-content\/uploads\/2015\/09\/rauchquartz-851x1024.jpg 851w, https:\/\/www.evileu.de\/evisfinest\/wp-content\/uploads\/2015\/09\/rauchquartz.jpg 991w\" sizes=\"(max-width: 249px) 100vw, 249px\" \/><\/a><figcaption id=\"caption-attachment-232\" class=\"wp-caption-text\">rauchquartz<\/figcaption><\/figure>\n<p>Dezent und sehr elegant in zarten T\u00f6nen, aus b\u00f6hmischen Glasschliffperlen mit perlmuttfarbenen Rocailles.<br \/>\nL\u00e4nge ca. 50 cm<\/p>\n<p>Preis 20 \u20ac<\/p>\n","protected":false},"excerpt":{"rendered":"<p>Dezent und sehr elegant in zarten T\u00f6nen, aus b\u00f6hmischen Glasschliffperlen mit perlmuttfarbenen Rocailles. L\u00e4nge ca. 50 cm Preis 20 \u20ac<\/p>\n","protected":false},"author":1,"featured_media":0,"comment_status":"open","ping_status":"open","sticky":false,"template":"","format":"standard","meta":[],"categories":[5],"tags":[],"_links":{"self":[{"href":"https:\/\/www.evileu.de\/evisfinest\/index.php?rest_route=\/wp\/v2\/posts\/231"}],"collection":[{"href":"https:\/\/www.evileu.de\/evisfinest\/index.php?rest_route=\/wp\/v2\/posts"}],"about":[{"href":"https:\/\/www.evileu.de\/evisfinest\/index.php?rest_route=\/wp\/v2\/types\/post"}],"author":[{"embeddable":true,"href":"https:\/\/www.evileu.de\/evisfinest\/index.php?rest_route=\/wp\/v2\/users\/1"}],"replies":[{"embeddable":true,"href":"https:\/\/www.evileu.de\/evisfinest\/index.php?rest_route=%2Fwp%2Fv2%2Fcomments&post=231"}],"version-history":[{"count":1,"href":"https:\/\/www.evileu.de\/evisfinest\/index.php?rest_route=\/wp\/v2\/posts\/231\/revisions"}],"predecessor-version":[{"id":233,"href":"https:\/\/www.evileu.de\/evisfinest\/index.php?rest_route=\/wp\/v2\/posts\/231\/revisions\/233"}],"wp:attachment":[{"href":"https:\/\/www.evileu.de\/evisfinest\/index.php?rest_route=%2Fwp%2Fv2%2Fmedia&parent=231"}],"wp:term":[{"taxonomy":"category","embeddable":true,"href":"https:\/\/www.evileu.de\/evisfinest\/index.php?rest_route=%2Fwp%2Fv2%2Fcategories&post=231"},{"taxonomy":"post_tag","embeddable":true,"href":"https:\/\/www.evileu.de\/evisfinest\/index.php?rest_route=%2Fwp%2Fv2%2Ftags&post=231"}],"curies":[{"name":"wp","href":"https:\/\/api.w.org\/{rel}","templated":true}]}}