{"id":270,"date":"2015-09-06T11:15:49","date_gmt":"2015-09-06T11:15:49","guid":{"rendered":"http:\/\/www.evileu.de\/evisfinest\/?p=270"},"modified":"2024-02-09T20:40:23","modified_gmt":"2024-02-09T20:40:23","slug":"bunt-am-rand","status":"publish","type":"post","link":"https:\/\/www.evileu.de\/evisfinest\/?p=270","title":{"rendered":"Bunt am Rand"},"content":{"rendered":"<figure id=\"attachment_271\" aria-describedby=\"caption-attachment-271\" style=\"width: 150px\" class=\"wp-caption alignnone\"><a href=\"http:\/\/www.evileu.de\/evisfinest\/wp-content\/uploads\/2015\/09\/schwarzbunt.jpg\"><img decoding=\"async\" loading=\"lazy\" class=\"size-thumbnail wp-image-271\" src=\"http:\/\/www.evileu.de\/evisfinest\/wp-content\/uploads\/2015\/09\/schwarzbunt-150x150.jpg\" alt=\"schwarzbunt\" width=\"150\" height=\"150\" \/><\/a><figcaption id=\"caption-attachment-271\" class=\"wp-caption-text\">schwarzbunt<\/figcaption><\/figure>\n<p>Schwarz opalisierende L\u00fcsterperlen mit einem bunten Akzent.<br \/>\nGr\u00f6\u00dfe ca. 4&#215;5 cm<\/p>\n<p>Preis 12 \u20ac<\/p>\n","protected":false},"excerpt":{"rendered":"<p>Schwarz opalisierende L\u00fcsterperlen mit einem bunten Akzent. Gr\u00f6\u00dfe ca. 4&#215;5 cm Preis 12 \u20ac<\/p>\n","protected":false},"author":1,"featured_media":0,"comment_status":"closed","ping_status":"closed","sticky":false,"template":"","format":"standard","meta":[],"categories":[2,15],"tags":[],"_links":{"self":[{"href":"https:\/\/www.evileu.de\/evisfinest\/index.php?rest_route=\/wp\/v2\/posts\/270"}],"collection":[{"href":"https:\/\/www.evileu.de\/evisfinest\/index.php?rest_route=\/wp\/v2\/posts"}],"about":[{"href":"https:\/\/www.evileu.de\/evisfinest\/index.php?rest_route=\/wp\/v2\/types\/post"}],"author":[{"embeddable":true,"href":"https:\/\/www.evileu.de\/evisfinest\/index.php?rest_route=\/wp\/v2\/users\/1"}],"replies":[{"embeddable":true,"href":"https:\/\/www.evileu.de\/evisfinest\/index.php?rest_route=%2Fwp%2Fv2%2Fcomments&post=270"}],"version-history":[{"count":1,"href":"https:\/\/www.evileu.de\/evisfinest\/index.php?rest_route=\/wp\/v2\/posts\/270\/revisions"}],"predecessor-version":[{"id":272,"href":"https:\/\/www.evileu.de\/evisfinest\/index.php?rest_route=\/wp\/v2\/posts\/270\/revisions\/272"}],"wp:attachment":[{"href":"https:\/\/www.evileu.de\/evisfinest\/index.php?rest_route=%2Fwp%2Fv2%2Fmedia&parent=270"}],"wp:term":[{"taxonomy":"category","embeddable":true,"href":"https:\/\/www.evileu.de\/evisfinest\/index.php?rest_route=%2Fwp%2Fv2%2Fcategories&post=270"},{"taxonomy":"post_tag","embeddable":true,"href":"https:\/\/www.evileu.de\/evisfinest\/index.php?rest_route=%2Fwp%2Fv2%2Ftags&post=270"}],"curies":[{"name":"wp","href":"https:\/\/api.w.org\/{rel}","templated":true}]}}