{"id":96,"date":"2015-09-05T11:47:06","date_gmt":"2015-09-05T11:47:06","guid":{"rendered":"http:\/\/www.evileu.de\/evisfinest\/?p=96"},"modified":"2015-09-05T11:47:06","modified_gmt":"2015-09-05T11:47:06","slug":"azur","status":"publish","type":"post","link":"https:\/\/www.evileu.de\/evisfinest\/?p=96","title":{"rendered":"Azur"},"content":{"rendered":"<figure id=\"attachment_97\" aria-describedby=\"caption-attachment-97\" style=\"width: 300px\" class=\"wp-caption alignnone\"><a href=\"http:\/\/www.evileu.de\/evisfinest\/wp-content\/uploads\/2015\/09\/4Blaue.jpg\"><img decoding=\"async\" loading=\"lazy\" class=\"size-medium wp-image-97\" src=\"http:\/\/www.evileu.de\/evisfinest\/wp-content\/uploads\/2015\/09\/4Blaue-300x256.jpg\" alt=\"4Blaue\" width=\"300\" height=\"256\" srcset=\"https:\/\/www.evileu.de\/evisfinest\/wp-content\/uploads\/2015\/09\/4Blaue-300x256.jpg 300w, https:\/\/www.evileu.de\/evisfinest\/wp-content\/uploads\/2015\/09\/4Blaue.jpg 371w\" sizes=\"(max-width: 300px) 100vw, 300px\" \/><\/a><figcaption id=\"caption-attachment-97\" class=\"wp-caption-text\">4Blaue<\/figcaption><\/figure>\n<p>Vier leuchtend azurblaue Perlen setzen den Akzent bei diesem Unikat aus matten und gl\u00e4nzenden Perlen. Wahlweise auf Broschennadel montiert oder mit \u00d6se als Anh\u00e4nger gefertigt.<br \/>\nGr\u00f6\u00dfe ca. 3,5 cm<\/p>\n<p>Preis 15 \u20ac<\/p>\n","protected":false},"excerpt":{"rendered":"<p>Vier leuchtend azurblaue Perlen setzen den Akzent bei diesem Unikat aus matten und gl\u00e4nzenden Perlen. Wahlweise auf Broschennadel montiert oder mit \u00d6se als Anh\u00e4nger gefertigt. Gr\u00f6\u00dfe ca. 3,5 cm Preis 15 \u20ac<\/p>\n","protected":false},"author":1,"featured_media":0,"comment_status":"open","ping_status":"open","sticky":false,"template":"","format":"standard","meta":[],"categories":[3,2],"tags":[],"_links":{"self":[{"href":"https:\/\/www.evileu.de\/evisfinest\/index.php?rest_route=\/wp\/v2\/posts\/96"}],"collection":[{"href":"https:\/\/www.evileu.de\/evisfinest\/index.php?rest_route=\/wp\/v2\/posts"}],"about":[{"href":"https:\/\/www.evileu.de\/evisfinest\/index.php?rest_route=\/wp\/v2\/types\/post"}],"author":[{"embeddable":true,"href":"https:\/\/www.evileu.de\/evisfinest\/index.php?rest_route=\/wp\/v2\/users\/1"}],"replies":[{"embeddable":true,"href":"https:\/\/www.evileu.de\/evisfinest\/index.php?rest_route=%2Fwp%2Fv2%2Fcomments&post=96"}],"version-history":[{"count":1,"href":"https:\/\/www.evileu.de\/evisfinest\/index.php?rest_route=\/wp\/v2\/posts\/96\/revisions"}],"predecessor-version":[{"id":98,"href":"https:\/\/www.evileu.de\/evisfinest\/index.php?rest_route=\/wp\/v2\/posts\/96\/revisions\/98"}],"wp:attachment":[{"href":"https:\/\/www.evileu.de\/evisfinest\/index.php?rest_route=%2Fwp%2Fv2%2Fmedia&parent=96"}],"wp:term":[{"taxonomy":"category","embeddable":true,"href":"https:\/\/www.evileu.de\/evisfinest\/index.php?rest_route=%2Fwp%2Fv2%2Fcategories&post=96"},{"taxonomy":"post_tag","embeddable":true,"href":"https:\/\/www.evileu.de\/evisfinest\/index.php?rest_route=%2Fwp%2Fv2%2Ftags&post=96"}],"curies":[{"name":"wp","href":"https:\/\/api.w.org\/{rel}","templated":true}]}}